{"id":2085,"date":"2018-01-20T19:00:31","date_gmt":"2018-01-20T19:00:31","guid":{"rendered":"http:\/\/bravo-ev.de\/?p=2085"},"modified":"2018-02-05T20:00:14","modified_gmt":"2018-02-05T20:00:14","slug":"vorsitzender-des-foerdervereins-als-ehrengast-bei-der-aeltermannuebergabe","status":"publish","type":"post","link":"https:\/\/bravo-ev.de\/?p=2085","title":{"rendered":"Vorsitzender des F\u00f6rdervereins als Ehrengast bei der \u00c4ltermann\u00fcbergabe"},"content":{"rendered":"<p>Mit gro\u00dfer Freude nahm der 1. Vorsitzende Peter Jacobsen im Namen des F\u00f6rdervereins die Einladung des 1. \u00c4ltermanns 2018 Hans-J\u00fcrgen L\u00f6schky zur Teilnahme an der \u00c4ltermann\u00fcbergabe an. <!--more--><\/p>\n<figure id=\"attachment_2086\" aria-describedby=\"caption-attachment-2086\" style=\"width: 525px\" class=\"wp-caption alignnone\"><a href=\"https:\/\/bravo-ev.de\/wp-content\/uploads\/2018\/01\/L\u00f6schky-Jacobsen.jpg\"><img loading=\"lazy\" decoding=\"async\" class=\"wp-image-2086 size-large\" src=\"https:\/\/bravo-ev.de\/wp-content\/uploads\/2018\/01\/L\u00f6schky-Jacobsen-1024x772.jpg\" alt=\"\" width=\"525\" height=\"396\" \/><\/a><figcaption id=\"caption-attachment-2086\" class=\"wp-caption-text\">1. \u00c4letermann 2018 Hans-J\u00fcrgen L\u00f6schky &#8211; 1. Vorsitzender Peter Jacobsen<\/figcaption><\/figure>\n<p>In seiner Rede wies der neue \u00d6llst neben seinen vielen geplanten Aktivit\u00e4ten auf die Projekte hin, die er mit dem F\u00f6rderverein im Jahr 2018 umsetzen m\u00f6chte. Dazu z\u00e4hlen die Einrichtung eines Medienraumes im Museum, die Archivierung der K\u00f6nigskette, die Archivierung der Videos der Gilde und das Aufstellen eines abgeschossenen Rumpfes des Gildevogels als Vergleichsobjekt im Museum. Der 1. Vorsitzende Peter Jacobsen dankte dem 1. \u00d6llst f\u00fcr die Einladung und sagte dem \u00c4ltermann Hans-J\u00fcrgen L\u00f6schky im Namen des Vorstands zu, seine Arbeit zu unterst\u00fctzen und zu erleichtern. Hans-J\u00fcrgen L\u00f6schky hat als Vorg\u00e4nger von Peter Jacobsen im Amt des 1. Vorsitzenden genauen Einblick in die umfassenden M\u00f6glichkeiten des Vereins.<\/p>\n<p>&nbsp;<\/p>\n","protected":false},"excerpt":{"rendered":"<p>Mit gro\u00dfer Freude nahm der 1. Vorsitzende Peter Jacobsen im Namen des F\u00f6rdervereins die Einladung des 1. \u00c4ltermanns 2018 Hans-J\u00fcrgen L\u00f6schky zur Teilnahme an der \u00c4ltermann\u00fcbergabe an.<\/p>\n","protected":false},"author":1,"featured_media":2096,"comment_status":"open","ping_status":"open","sticky":false,"template":"","format":"standard","meta":{"footnotes":""},"categories":[155,164],"tags":[156],"class_list":["post-2085","post","type-post","status-publish","format-standard","has-post-thumbnail","hentry","category-155","category-gilde","tag-loeschky"],"_links":{"self":[{"href":"https:\/\/bravo-ev.de\/index.php?rest_route=\/wp\/v2\/posts\/2085","targetHints":{"allow":["GET"]}}],"collection":[{"href":"https:\/\/bravo-ev.de\/index.php?rest_route=\/wp\/v2\/posts"}],"about":[{"href":"https:\/\/bravo-ev.de\/index.php?rest_route=\/wp\/v2\/types\/post"}],"author":[{"embeddable":true,"href":"https:\/\/bravo-ev.de\/index.php?rest_route=\/wp\/v2\/users\/1"}],"replies":[{"embeddable":true,"href":"https:\/\/bravo-ev.de\/index.php?rest_route=%2Fwp%2Fv2%2Fcomments&post=2085"}],"version-history":[{"count":4,"href":"https:\/\/bravo-ev.de\/index.php?rest_route=\/wp\/v2\/posts\/2085\/revisions"}],"predecessor-version":[{"id":2089,"href":"https:\/\/bravo-ev.de\/index.php?rest_route=\/wp\/v2\/posts\/2085\/revisions\/2089"}],"wp:featuredmedia":[{"embeddable":true,"href":"https:\/\/bravo-ev.de\/index.php?rest_route=\/wp\/v2\/media\/2096"}],"wp:attachment":[{"href":"https:\/\/bravo-ev.de\/index.php?rest_route=%2Fwp%2Fv2%2Fmedia&parent=2085"}],"wp:term":[{"taxonomy":"category","embeddable":true,"href":"https:\/\/bravo-ev.de\/index.php?rest_route=%2Fwp%2Fv2%2Fcategories&post=2085"},{"taxonomy":"post_tag","embeddable":true,"href":"https:\/\/bravo-ev.de\/index.php?rest_route=%2Fwp%2Fv2%2Ftags&post=2085"}],"curies":[{"name":"wp","href":"https:\/\/api.w.org\/{rel}","templated":true}]}}